{"id":885,"date":"2020-05-26T10:41:01","date_gmt":"2020-05-26T08:41:01","guid":{"rendered":"https:\/\/www.sportauto-occitaniepyrenees.fr\/?p=885"},"modified":"2020-08-08T18:49:23","modified_gmt":"2020-08-08T16:49:23","slug":"enfin-du-positif-reprise-de-lautocross-avec-tournecoupe","status":"publish","type":"post","link":"https:\/\/www.sportauto-occitaniepyrenees.fr\/index.php\/2020\/05\/26\/enfin-du-positif-reprise-de-lautocross-avec-tournecoupe\/","title":{"rendered":"Enfin du positif &#8211; Reprise de l&rsquo;Autocross avec Tournecoupe"},"content":{"rendered":"\n<p>Apr\u00e8s cette longue p\u00e9riode d\u2019arr\u00eat complet de toute activit\u00e9 sportive automobile, Tournecoupe, fleuron de l\u2019autocross du sud de la France est sur le chemin de la reprise.<\/p>\n\n\n\n<div style=\"height:20px\" aria-hidden=\"true\" class=\"wp-block-spacer\"><\/div>\n\n\n\n<p>Afin de respecter les consignes gouvernementales, l\u2019organisateur annule l\u2019\u00e9preuve de nuit, qui nous obligeait \u00e0 faire les essais chrono le soir du 31 juillet. Retour aux 2 jours traditionnels, samedi et dimanche 1 et 2 ao\u00fbt.<\/p>\n\n\n\n<div style=\"height:20px\" aria-hidden=\"true\" class=\"wp-block-spacer\"><\/div>\n\n\n\n<p>Il faut esp\u00e9rer qu\u2019aucune contrainte administrative ne vienne contrarier ce programme.<br>D\u2019ici l\u00e0, courant juillet, auront lieu les contr\u00f4les pr\u00e9liminaires, comme pr\u00e9vu sur le circuit d\u2019Empeaux. Une convocation sera envoy\u00e9e \u00e0 chaque engag\u00e9 au CORAC.<\/p>\n\n\n\n<div style=\"height:20px\" aria-hidden=\"true\" class=\"wp-block-spacer\"><\/div>\n\n\n\n<p>Les engagements sont disponibles sur le pr\u00e9sent site dans la rubrique \u00ab <a href=\"https:\/\/www.sportauto-occitaniepyrenees.fr\/index.php\/epreuves\/calendrier\/\" target=\"_blank\" rel=\"noreferrer noopener\">calendrier<\/a> \u00bb, ainsi que sur <a rel=\"noreferrer noopener\" href=\"https:\/\/www.challenge-corac.fr\/\" target=\"_blank\">le site du CORAC<\/a>.<\/p>\n\n\n\n<div style=\"height:20px\" aria-hidden=\"true\" class=\"wp-block-spacer\"><\/div>\n\n\n\n<p>Pour ceux qui ne l\u2019ont pas encore fait, pensez \u00e0 vous engager au CORAC.<\/p>\n\n\n\n<div style=\"height:20px\" aria-hidden=\"true\" class=\"wp-block-spacer\"><\/div>\n\n\n\n<figure class=\"wp-block-embed-wordpress wp-block-embed is-type-wp-embed is-provider-wordpress\"><div class=\"wp-block-embed__wrapper\">\n<blockquote class=\"wp-embedded-content\" data-secret=\"NNHxhxff8b\"><a href=\"https:\/\/www.sportauto-occitaniepyrenees.fr\/index.php\/stec_event\/autocross-sprintcar-de-tournecoupe\/\">Autocross-Sprintcar de Tournecoupe<\/a><\/blockquote><iframe loading=\"lazy\" title=\"\u00ab\u00a0Autocross-Sprintcar de Tournecoupe\u00a0\u00bb &#8212; \" class=\"wp-embedded-content\" sandbox=\"allow-scripts\" security=\"restricted\" style=\"position: absolute; clip: rect(1px, 1px, 1px, 1px);\" src=\"https:\/\/www.sportauto-occitaniepyrenees.fr\/index.php\/stec_event\/autocross-sprintcar-de-tournecoupe\/embed\/#?secret=NNHxhxff8b\" data-secret=\"NNHxhxff8b\" width=\"600\" height=\"338\" frameborder=\"0\" marginwidth=\"0\" marginheight=\"0\" scrolling=\"no\"><\/iframe>\n<\/div><figcaption>Retrouvez les informations et documents relatifs \u00e0 l&rsquo;\u00e9preuve dans le calendrier du site.<\/figcaption><\/figure>\n","protected":false},"excerpt":{"rendered":"<p>Apr\u00e8s cette longue p\u00e9riode d\u2019arr\u00eat complet de toute activit\u00e9 sportive automobile, Tournecoupe, fleuron de l\u2019autocross du sud de la France est sur le chemin de la reprise. Afin de respecter les consignes gouvernementales, l\u2019organisateur annule l\u2019\u00e9preuve de nuit, qui nous obligeait \u00e0 faire les essais chrono le soir du 31 juillet. Retour aux 2 jours [&hellip;]<\/p>\n","protected":false},"author":1,"featured_media":800,"comment_status":"closed","ping_status":"open","sticky":false,"template":"","format":"standard","meta":{"_monsterinsights_skip_tracking":false,"_monsterinsights_sitenote_active":false,"_monsterinsights_sitenote_note":"","_monsterinsights_sitenote_category":0,"footnotes":""},"categories":[8],"tags":[133],"class_list":["post-885","post","type-post","status-publish","format-standard","has-post-thumbnail","hentry","category-autocross","tag-autocross"],"_links":{"self":[{"href":"https:\/\/www.sportauto-occitaniepyrenees.fr\/index.php\/wp-json\/wp\/v2\/posts\/885","targetHints":{"allow":["GET"]}}],"collection":[{"href":"https:\/\/www.sportauto-occitaniepyrenees.fr\/index.php\/wp-json\/wp\/v2\/posts"}],"about":[{"href":"https:\/\/www.sportauto-occitaniepyrenees.fr\/index.php\/wp-json\/wp\/v2\/types\/post"}],"author":[{"embeddable":true,"href":"https:\/\/www.sportauto-occitaniepyrenees.fr\/index.php\/wp-json\/wp\/v2\/users\/1"}],"replies":[{"embeddable":true,"href":"https:\/\/www.sportauto-occitaniepyrenees.fr\/index.php\/wp-json\/wp\/v2\/comments?post=885"}],"version-history":[{"count":1,"href":"https:\/\/www.sportauto-occitaniepyrenees.fr\/index.php\/wp-json\/wp\/v2\/posts\/885\/revisions"}],"predecessor-version":[{"id":1217,"href":"https:\/\/www.sportauto-occitaniepyrenees.fr\/index.php\/wp-json\/wp\/v2\/posts\/885\/revisions\/1217"}],"wp:featuredmedia":[{"embeddable":true,"href":"https:\/\/www.sportauto-occitaniepyrenees.fr\/index.php\/wp-json\/wp\/v2\/media\/800"}],"wp:attachment":[{"href":"https:\/\/www.sportauto-occitaniepyrenees.fr\/index.php\/wp-json\/wp\/v2\/media?parent=885"}],"wp:term":[{"taxonomy":"category","embeddable":true,"href":"https:\/\/www.sportauto-occitaniepyrenees.fr\/index.php\/wp-json\/wp\/v2\/categories?post=885"},{"taxonomy":"post_tag","embeddable":true,"href":"https:\/\/www.sportauto-occitaniepyrenees.fr\/index.php\/wp-json\/wp\/v2\/tags?post=885"}],"curies":[{"name":"wp","href":"https:\/\/api.w.org\/{rel}","templated":true}]}}