{"id":2879,"date":"2022-09-26T18:28:40","date_gmt":"2022-09-26T16:28:40","guid":{"rendered":"https:\/\/www.sportauto-occitaniepyrenees.fr\/?p=2879"},"modified":"2022-09-26T18:28:42","modified_gmt":"2022-09-26T16:28:42","slug":"3eme-montee-des-sarmentelles-beaujolaises-finale-montagne-2022","status":"publish","type":"post","link":"https:\/\/www.sportauto-occitaniepyrenees.fr\/index.php\/2022\/09\/26\/3eme-montee-des-sarmentelles-beaujolaises-finale-montagne-2022\/","title":{"rendered":"3\u00e8me MONT\u00c9E DES SARMENTELLES BEAUJOLAISES FINALE MONTAGNE 2022"},"content":{"rendered":"\n<p>Les repr\u00e9sentants de la Ligue Occitanie Pyr\u00e9n\u00e9es ont port\u00e9 haut les couleurs r\u00e9gionales lors de la Finale de la Montagne 2022 sur les pentes des Sarmentelles Beaujolaises , en cat\u00e9gorie Production un podium pour Nicolas GRANIER 2\u00e8me avec sa LEON Supercopa et 8\u00e8me place pour Sebastien LEMAIRE sur BMW M 3.<\/p>\n\n\n\n<p>Malheureusement pour 2 d\u2019entre eux, ce fut un forfait pour S\u00e9bastien JACQMIN et un abandon pour Jean-Louis SIMORRE.<\/p>\n\n\n\n<p>La pluie est venue troubler samedi et dimanche matin cette finale dont le d\u00e9nouement c\u2019est fait lors de l\u2019ultime mont\u00e9e sur une route enfin s\u00e8che qui permet \u00e0 chacun de s\u2019exprimer et le talent de nos licenci\u00e9s est au rendez-vous avec ce classement dans le Top 10 de nos deux r\u00e9gionaux licenci\u00e9s \u00e0 l\u2019ASA Armagnac Bigorre. F\u00e9licitations pour cet excellent r\u00e9sultat de nos sp\u00e9cialistes des courses de c\u00f4tes r\u00e9gionales et nationales que nous retrouverons le 15 janvier lors de la Remise des Troph\u00e9es de la Ligue du Sport Automobile Occitanie Pyr\u00e9n\u00e9es.<\/p>\n","protected":false},"excerpt":{"rendered":"<p>Les repr\u00e9sentants de la Ligue Occitanie Pyr\u00e9n\u00e9es ont port\u00e9 haut les couleurs r\u00e9gionales lors de la Finale de la Montagne 2022 sur les pentes des Sarmentelles Beaujolaises , en cat\u00e9gorie Production un podium pour Nicolas GRANIER 2\u00e8me avec sa LEON Supercopa et 8\u00e8me place pour Sebastien LEMAIRE sur BMW M 3. Malheureusement pour 2 d\u2019entre [&hellip;]<\/p>\n","protected":false},"author":2,"featured_media":2880,"comment_status":"closed","ping_status":"open","sticky":false,"template":"","format":"standard","meta":{"_monsterinsights_skip_tracking":false,"_monsterinsights_sitenote_active":false,"_monsterinsights_sitenote_note":"","_monsterinsights_sitenote_category":0,"footnotes":""},"categories":[140,12],"tags":[135,20],"class_list":["post-2879","post","type-post","status-publish","format-standard","has-post-thumbnail","hentry","category-actualites","category-course-cote","tag-championnat-de-france","tag-ffsa"],"_links":{"self":[{"href":"https:\/\/www.sportauto-occitaniepyrenees.fr\/index.php\/wp-json\/wp\/v2\/posts\/2879","targetHints":{"allow":["GET"]}}],"collection":[{"href":"https:\/\/www.sportauto-occitaniepyrenees.fr\/index.php\/wp-json\/wp\/v2\/posts"}],"about":[{"href":"https:\/\/www.sportauto-occitaniepyrenees.fr\/index.php\/wp-json\/wp\/v2\/types\/post"}],"author":[{"embeddable":true,"href":"https:\/\/www.sportauto-occitaniepyrenees.fr\/index.php\/wp-json\/wp\/v2\/users\/2"}],"replies":[{"embeddable":true,"href":"https:\/\/www.sportauto-occitaniepyrenees.fr\/index.php\/wp-json\/wp\/v2\/comments?post=2879"}],"version-history":[{"count":1,"href":"https:\/\/www.sportauto-occitaniepyrenees.fr\/index.php\/wp-json\/wp\/v2\/posts\/2879\/revisions"}],"predecessor-version":[{"id":2881,"href":"https:\/\/www.sportauto-occitaniepyrenees.fr\/index.php\/wp-json\/wp\/v2\/posts\/2879\/revisions\/2881"}],"wp:featuredmedia":[{"embeddable":true,"href":"https:\/\/www.sportauto-occitaniepyrenees.fr\/index.php\/wp-json\/wp\/v2\/media\/2880"}],"wp:attachment":[{"href":"https:\/\/www.sportauto-occitaniepyrenees.fr\/index.php\/wp-json\/wp\/v2\/media?parent=2879"}],"wp:term":[{"taxonomy":"category","embeddable":true,"href":"https:\/\/www.sportauto-occitaniepyrenees.fr\/index.php\/wp-json\/wp\/v2\/categories?post=2879"},{"taxonomy":"post_tag","embeddable":true,"href":"https:\/\/www.sportauto-occitaniepyrenees.fr\/index.php\/wp-json\/wp\/v2\/tags?post=2879"}],"curies":[{"name":"wp","href":"https:\/\/api.w.org\/{rel}","templated":true}]}}