{"id":2174,"date":"2021-09-10T14:31:29","date_gmt":"2021-09-10T12:31:29","guid":{"rendered":"https:\/\/www.sportauto-occitaniepyrenees.fr\/?p=2174"},"modified":"2021-09-10T14:31:30","modified_gmt":"2021-09-10T12:31:30","slug":"karting-romain-andriolo-imperial-lors-de-la-finale-nationale-iame-2021","status":"publish","type":"post","link":"https:\/\/www.sportauto-occitaniepyrenees.fr\/index.php\/2021\/09\/10\/karting-romain-andriolo-imperial-lors-de-la-finale-nationale-iame-2021\/","title":{"rendered":"Karting : Romain Andriolo imp\u00e9rial lors de la Finale Nationale IAME 2021"},"content":{"rendered":"\n<p>C\u2019est sur le circuit de Varenne sur Allier qu\u2019a eu lieu la finale nationale IAME les 4 et 5 septembre. Lors de ce meeting, les quatre-vingts meilleurs pilotes de l\u2019hexagone en X30 S\u00e9nior se sont affront\u00e9s afin de d\u00e9crocher la victoire, ainsi qu\u2019une place pour la finale mondial IAME International qui aura lieu \u00e0 Adria en Italie.<\/p>\n\n\n\n<p>En arrivant sur le circuit, Romain poss\u00e9dait d\u00e9j\u00e0 le statut de pr\u00e9tendant au podium. Sa belle prestation lors de la premi\u00e8re manche de la IAME Series France \u00e0 Muret, sur ses terres, n\u2019est pas pass\u00e9e inaper\u00e7ue.<\/p>\n\n\n\n<div class=\"wp-block-image\"><figure class=\"aligncenter size-large is-resized\"><img loading=\"lazy\" decoding=\"async\" src=\"https:\/\/www.sportauto-occitaniepyrenees.fr\/wp-content\/uploads\/2021\/09\/240747563_271693264560065_8996420835958520329_n-1024x767.jpg\" alt=\"\" class=\"wp-image-2177\" width=\"480\" height=\"359\" srcset=\"https:\/\/www.sportauto-occitaniepyrenees.fr\/wp-content\/uploads\/2021\/09\/240747563_271693264560065_8996420835958520329_n-1024x767.jpg 1024w, https:\/\/www.sportauto-occitaniepyrenees.fr\/wp-content\/uploads\/2021\/09\/240747563_271693264560065_8996420835958520329_n-300x225.jpg 300w, https:\/\/www.sportauto-occitaniepyrenees.fr\/wp-content\/uploads\/2021\/09\/240747563_271693264560065_8996420835958520329_n-768x575.jpg 768w, https:\/\/www.sportauto-occitaniepyrenees.fr\/wp-content\/uploads\/2021\/09\/240747563_271693264560065_8996420835958520329_n.jpg 1170w\" sizes=\"auto, (max-width: 480px) 100vw, 480px\" \/><\/figure><\/div>\n\n\n\n<p>D\u00e8s les chronos, Romain annonce la couleur en signant la pole position pour 24 milli\u00e8mes de secondes devant le talentueux et exp\u00e9riment\u00e9 Vincent Fraisse.<\/p>\n\n\n\n<p>Des d\u00e9parts parfaits, une gestion de course et de la pression digne des plus grands, Romain marque d\u00e9finitivement ce week-end de course de son empreinte. Il remporte trois des quatre manches qualificatives. Son moins bon r\u00e9sultat \u00e9tant une deuxi\u00e8me place !<\/p>\n\n\n\n<p>Romain sera tout autant appliqu\u00e9 lors de la pr\u00e9-finale et de la finale. Il remporte la pr\u00e9-finale avec un peu plus de trois secondes d\u2019avance sur son poursuivant. Lors de la finale, la lutte sera intense mais il s\u2019impose avec un petit dixi\u00e8me d\u2019avance. Le contrat est rempli !<\/p>\n\n\n\n<p>Durant tout le week-end, Romain a su mettre tous les \u00e9l\u00e9ments de son c\u00f4t\u00e9. Un ch\u00e2ssis bien r\u00e9gl\u00e9 avec l\u2019aide de Ludo Abras, une motorisation parfaite assur\u00e9e par FF Engines de Fabrice Frete et un soutien et encadrement de qualit\u00e9 avec Fr\u00e9d\u00e9ric Ostier, Eric Verdaasdonk, Alain et toute la Team VDK.<\/p>\n\n\n\n<p>Prochain rendez-vous la WSK \u00e0 Adria en cat\u00e9gorie OK les 2 et 3 octobre qui permettra de pr\u00e9parer au mieux la finale mondiale IAME qui aura lieu sur ce m\u00eame circuit du 18 au 23 octobre.<\/p>\n\n\n\n<figure class=\"wp-block-image size-large\"><img loading=\"lazy\" decoding=\"async\" width=\"1024\" height=\"716\" src=\"https:\/\/www.sportauto-occitaniepyrenees.fr\/wp-content\/uploads\/2021\/09\/241318584_823956091605317_6140212931321395255_n-1024x716.jpg\" alt=\"\" class=\"wp-image-2176\" srcset=\"https:\/\/www.sportauto-occitaniepyrenees.fr\/wp-content\/uploads\/2021\/09\/241318584_823956091605317_6140212931321395255_n-1024x716.jpg 1024w, https:\/\/www.sportauto-occitaniepyrenees.fr\/wp-content\/uploads\/2021\/09\/241318584_823956091605317_6140212931321395255_n-300x210.jpg 300w, https:\/\/www.sportauto-occitaniepyrenees.fr\/wp-content\/uploads\/2021\/09\/241318584_823956091605317_6140212931321395255_n-768x537.jpg 768w, https:\/\/www.sportauto-occitaniepyrenees.fr\/wp-content\/uploads\/2021\/09\/241318584_823956091605317_6140212931321395255_n.jpg 1176w\" sizes=\"auto, (max-width: 1024px) 100vw, 1024px\" \/><\/figure>\n\n\n\n<div class=\"wp-block-image\"><figure class=\"aligncenter size-full is-resized\"><img loading=\"lazy\" decoding=\"async\" src=\"https:\/\/www.sportauto-occitaniepyrenees.fr\/wp-content\/uploads\/2021\/09\/240603067_347465407167570_1658913722823029798_n.jpg\" alt=\"\" class=\"wp-image-2178\" width=\"398\" height=\"434\" srcset=\"https:\/\/www.sportauto-occitaniepyrenees.fr\/wp-content\/uploads\/2021\/09\/240603067_347465407167570_1658913722823029798_n.jpg 696w, https:\/\/www.sportauto-occitaniepyrenees.fr\/wp-content\/uploads\/2021\/09\/240603067_347465407167570_1658913722823029798_n-275x300.jpg 275w\" sizes=\"auto, (max-width: 398px) 100vw, 398px\" \/><\/figure><\/div>\n\n\n\n<p class=\"has-small-font-size\"><strong><em>Photos Lionel Gripon \/ Agence LGP\u00a0 et Philippe Roux<\/em><\/strong><\/p>\n","protected":false},"excerpt":{"rendered":"<p>C\u2019est sur le circuit de Varenne sur Allier qu\u2019a eu lieu la finale nationale IAME les 4 et 5 septembre. Lors de ce meeting, les quatre-vingts meilleurs pilotes de l\u2019hexagone en X30 S\u00e9nior se sont affront\u00e9s afin de d\u00e9crocher la victoire, ainsi qu\u2019une place pour la finale mondial IAME International qui aura lieu \u00e0 Adria [&hellip;]<\/p>\n","protected":false},"author":2,"featured_media":2175,"comment_status":"closed","ping_status":"open","sticky":false,"template":"","format":"standard","meta":{"_monsterinsights_skip_tracking":false,"_monsterinsights_sitenote_active":false,"_monsterinsights_sitenote_note":"","_monsterinsights_sitenote_category":0,"footnotes":""},"categories":[155],"tags":[154],"class_list":["post-2174","post","type-post","status-publish","format-standard","has-post-thumbnail","hentry","category-karting","tag-karting"],"_links":{"self":[{"href":"https:\/\/www.sportauto-occitaniepyrenees.fr\/index.php\/wp-json\/wp\/v2\/posts\/2174","targetHints":{"allow":["GET"]}}],"collection":[{"href":"https:\/\/www.sportauto-occitaniepyrenees.fr\/index.php\/wp-json\/wp\/v2\/posts"}],"about":[{"href":"https:\/\/www.sportauto-occitaniepyrenees.fr\/index.php\/wp-json\/wp\/v2\/types\/post"}],"author":[{"embeddable":true,"href":"https:\/\/www.sportauto-occitaniepyrenees.fr\/index.php\/wp-json\/wp\/v2\/users\/2"}],"replies":[{"embeddable":true,"href":"https:\/\/www.sportauto-occitaniepyrenees.fr\/index.php\/wp-json\/wp\/v2\/comments?post=2174"}],"version-history":[{"count":1,"href":"https:\/\/www.sportauto-occitaniepyrenees.fr\/index.php\/wp-json\/wp\/v2\/posts\/2174\/revisions"}],"predecessor-version":[{"id":2179,"href":"https:\/\/www.sportauto-occitaniepyrenees.fr\/index.php\/wp-json\/wp\/v2\/posts\/2174\/revisions\/2179"}],"wp:featuredmedia":[{"embeddable":true,"href":"https:\/\/www.sportauto-occitaniepyrenees.fr\/index.php\/wp-json\/wp\/v2\/media\/2175"}],"wp:attachment":[{"href":"https:\/\/www.sportauto-occitaniepyrenees.fr\/index.php\/wp-json\/wp\/v2\/media?parent=2174"}],"wp:term":[{"taxonomy":"category","embeddable":true,"href":"https:\/\/www.sportauto-occitaniepyrenees.fr\/index.php\/wp-json\/wp\/v2\/categories?post=2174"},{"taxonomy":"post_tag","embeddable":true,"href":"https:\/\/www.sportauto-occitaniepyrenees.fr\/index.php\/wp-json\/wp\/v2\/tags?post=2174"}],"curies":[{"name":"wp","href":"https:\/\/api.w.org\/{rel}","templated":true}]}}