{"id":2160,"date":"2021-09-06T22:38:39","date_gmt":"2021-09-06T20:38:39","guid":{"rendered":"https:\/\/www.sportauto-occitaniepyrenees.fr\/?p=2160"},"modified":"2021-09-06T22:38:40","modified_gmt":"2021-09-06T20:38:40","slug":"championnat-de-france-camions-calvet-file-vers-le-titre","status":"publish","type":"post","link":"https:\/\/www.sportauto-occitaniepyrenees.fr\/index.php\/2021\/09\/06\/championnat-de-france-camions-calvet-file-vers-le-titre\/","title":{"rendered":"Championnat de France Camions &#8211; Calvet file vers le titre"},"content":{"rendered":"\n<p><strong>En s\u2019imposant \u00e0 Albi (4 &amp; 5 septembre), troisi\u00e8me manche du Championnat de France Camions FFSA, T\u00e9o Calvet a pris une s\u00e9rieuse option sur le titre 2021. Thomas Robineau s\u2019offre la 2e place devant Yorick Montagne tandis qu\u2019Anthony Janiec a v\u00e9cu un meeting<\/strong><\/p>\n\n\n\n<p>Trois sur trois. T\u00e9o Calvet #20 (Buggyra Freightliner) vient de remporter son troisi\u00e8me Grand Prix de la saison. Apr\u00e8s Charade et Nogaro, le jeune toulousain vient d\u2019ajouter le Grand Prix Camions d\u2019Albi \u00e0 son tableau de chasse. Avec trois victoires en quatre manches, il a \u00e9t\u00e9 l\u2019homme fort de ce week-end dans le Tarn. Au total, c\u2019est son dixi\u00e8me succ\u00e8s en douze courses depuis le d\u00e9but de l\u2019ann\u00e9e. C\u2019est juste impressionnant&nbsp;!<\/p>\n\n\n\n<p><strong>Janiec dans le dur<\/strong><\/p>\n\n\n\n<p>Pour le contrer, on attendait \u00e9videmment Anthony Janiec. Mais le triple champion de France en titre n\u2019a termin\u00e9 que 5e. Le MAN floqu\u00e9 du n\u00b01 n\u2019a pas \u00e9t\u00e9 tr\u00e8s en verve ce week-end&nbsp;; disque de frein cass\u00e9 dans le course 2 (abandon) et une p\u00e9nalit\u00e9 de 30 sec dans la course 3 (6<sup>e<\/sup>) pour une attaque trop muscl\u00e9e sur un concurrent. Anthony Janiec se consolera tout de m\u00eame en remportant la quatri\u00e8me et derni\u00e8re course, de quoi maintenir un minimum de pression sur le leader du g\u00e9n\u00e9ral. Mais avec 43 points de retard, la t\u00e2che s\u2019annonce maintenant compliqu\u00e9e.<\/p>\n\n\n\n<p><strong><br>Qui finira troisi\u00e8me&nbsp;?<\/strong><\/p>\n\n\n\n<p>La lutte pour la troisi\u00e8me place du g\u00e9n\u00e9ral fait rage entre Thomas Robineau (2<sup>e<\/sup> \u00e0 Albi) Yorick Montagne (3<sup>e<\/sup>) et Aliyyah Koloc (6). Seulement 11.5 points s\u00e9parent ces trois pilotes en t\u00eate du provisoire alors qu\u2019il ne reste que 2 Grands Prix et huit courses \u00e0 disputer. Le suspense va nous tenir en haleine jusqu\u2019\u00e0 la finale du championnat qui se tiendra au Castellet les 9 et 10 octobre prochains. &nbsp;<\/p>\n\n\n\n<p>Tr\u00e8s gros week-end de la part de Lionel Montagne qui termine au pied du podium. Apr\u00e8s un d\u00e9but de saison en dents de scie, la mise au point sur le Volvo du team TCS commence \u00e0 porter ses fruits.<\/p>\n\n\n\n<p><strong>CCF brille et le lyc\u00e9e Gallieni aussi<\/strong><\/p>\n\n\n\n<p>On retiendra aussi la performance du team CCF (Camion de Course Francilien). Les m\u00e9canos ont remport\u00e9 l\u2019\u00e9preuve de m\u00e9canique tandis que le pilote, Aur\u00e9lien Hergott #68 (DAF) s\u2019est class\u00e9 4<sup>e<\/sup> du Gymkhana. Ces deux r\u00e9sultats cumul\u00e9s leur permettent de remporter le <em>challenge par \u00e9quipe<\/em>.<\/p>\n\n\n\n<p>Les \u00e9l\u00e8ves du lyc\u00e9e professionnel Gallieni de Toulouse \u00e9taient bien pr\u00e9sents et Jean-Philippe Dulac n\u2019est pas venu faire de la figuration. Auteur des courses convaincantes, le professeur de conduite s\u2019est aussi distingu\u00e9 lors du Gymkhana avec un podium de prestige \u00e0 domicile \u00e0 la cl\u00e9 (2<sup>e<\/sup>). Une \u00e9preuve domin\u00e9e de main de ma\u00eetre par Thomas Robineau.<\/p>\n\n\n\n<p><strong>Le retour du public&nbsp;!<\/strong><\/p>\n\n\n\n<p>L\u2019excellente nouvelle \u00e0 Albi fut le retour du public en masse. Malgr\u00e9 le contexte sanitaire, plus de 15.000 personnes se sont rendues sur site pour admirer les courses de camions et les nombreuses animations&nbsp;! De tr\u00e8s bon augure \u00e0 quelques jours du Mans. Les 24 Heures Camions f\u00eateront d\u2019ailleurs leur 40<sup>e<\/sup> anniversaire cette ann\u00e9e. On vous attend tr\u00e8s nombreux les 25 et 26 septembre pour c\u00e9l\u00e9brer ensemble cette passion pour le camion.<\/p>\n\n\n\n<p><strong>Billetterie 24 Heures Camions\u00a0<\/strong><br><br>Profitez de l\u2019offre pr\u00e9vente \u00e0 37\u20ac euros (tarif early) jusqu\u2019au 12 septembre.<a href=\"https:\/\/tp.posta-nova.fr\/lien.php?id=c79803a65f66078d14731398b6bb6396eff9981665724fc0422e2da14193ef09\" target=\"_blank\" rel=\"noreferrer noopener\">www.ticket.lemans.org<\/a><\/p>\n\n\n\n<div style=\"height:19px\" aria-hidden=\"true\" class=\"wp-block-spacer\"><\/div>\n\n\n\n<p class=\"has-small-font-size\"><strong><em>Communiqu\u00e9 P\u00f4le Presse FFSA \/ Photo Xavier Martin<\/em><\/strong><\/p>\n","protected":false},"excerpt":{"rendered":"<p>En s\u2019imposant \u00e0 Albi (4 &amp; 5 septembre), troisi\u00e8me manche du Championnat de France Camions FFSA, T\u00e9o Calvet a pris une s\u00e9rieuse option sur le titre 2021. Thomas Robineau s\u2019offre la 2e place devant Yorick Montagne tandis qu\u2019Anthony Janiec a v\u00e9cu un meeting Trois sur trois. T\u00e9o Calvet #20 (Buggyra Freightliner) vient de remporter son [&hellip;]<\/p>\n","protected":false},"author":2,"featured_media":2155,"comment_status":"closed","ping_status":"open","sticky":false,"template":"","format":"standard","meta":{"_monsterinsights_skip_tracking":false,"_monsterinsights_sitenote_active":false,"_monsterinsights_sitenote_note":"","_monsterinsights_sitenote_category":0,"footnotes":""},"categories":[16,7,2],"tags":[138,135,126,20],"class_list":["post-2160","post","type-post","status-publish","format-standard","has-post-thumbnail","hentry","category-camion-asphalte","category-circuit","category-ffsa","tag-camion","tag-championnat-de-france","tag-circuit","tag-ffsa"],"_links":{"self":[{"href":"https:\/\/www.sportauto-occitaniepyrenees.fr\/index.php\/wp-json\/wp\/v2\/posts\/2160","targetHints":{"allow":["GET"]}}],"collection":[{"href":"https:\/\/www.sportauto-occitaniepyrenees.fr\/index.php\/wp-json\/wp\/v2\/posts"}],"about":[{"href":"https:\/\/www.sportauto-occitaniepyrenees.fr\/index.php\/wp-json\/wp\/v2\/types\/post"}],"author":[{"embeddable":true,"href":"https:\/\/www.sportauto-occitaniepyrenees.fr\/index.php\/wp-json\/wp\/v2\/users\/2"}],"replies":[{"embeddable":true,"href":"https:\/\/www.sportauto-occitaniepyrenees.fr\/index.php\/wp-json\/wp\/v2\/comments?post=2160"}],"version-history":[{"count":2,"href":"https:\/\/www.sportauto-occitaniepyrenees.fr\/index.php\/wp-json\/wp\/v2\/posts\/2160\/revisions"}],"predecessor-version":[{"id":2162,"href":"https:\/\/www.sportauto-occitaniepyrenees.fr\/index.php\/wp-json\/wp\/v2\/posts\/2160\/revisions\/2162"}],"wp:featuredmedia":[{"embeddable":true,"href":"https:\/\/www.sportauto-occitaniepyrenees.fr\/index.php\/wp-json\/wp\/v2\/media\/2155"}],"wp:attachment":[{"href":"https:\/\/www.sportauto-occitaniepyrenees.fr\/index.php\/wp-json\/wp\/v2\/media?parent=2160"}],"wp:term":[{"taxonomy":"category","embeddable":true,"href":"https:\/\/www.sportauto-occitaniepyrenees.fr\/index.php\/wp-json\/wp\/v2\/categories?post=2160"},{"taxonomy":"post_tag","embeddable":true,"href":"https:\/\/www.sportauto-occitaniepyrenees.fr\/index.php\/wp-json\/wp\/v2\/tags?post=2160"}],"curies":[{"name":"wp","href":"https:\/\/api.w.org\/{rel}","templated":true}]}}