{"id":2127,"date":"2021-07-26T15:23:41","date_gmt":"2021-07-26T13:23:41","guid":{"rendered":"https:\/\/www.sportauto-occitaniepyrenees.fr\/?p=2127"},"modified":"2021-07-26T15:23:42","modified_gmt":"2021-07-26T13:23:42","slug":"felix-nous-a-quitte","status":"publish","type":"post","link":"https:\/\/www.sportauto-occitaniepyrenees.fr\/index.php\/2021\/07\/26\/felix-nous-a-quitte\/","title":{"rendered":"F\u00e9lix nous a quitt\u00e9"},"content":{"rendered":"\n<p>F\u00e9lix Haristoy, nous a quitt\u00e9\u00a0;\u00a0\u00e2g\u00e9 de soixante ans il a lutt\u00e9 de toute ses forces contre la maladie, mais cette derni\u00e8re a eu h\u00e9las le dernier mot. Dans la vie de tous les jours, il \u00e9tait le chef d&rsquo;entreprise d&rsquo;un garage poids lourds bas\u00e9 dans les Landes \u00e0 Benesse Maremne. D\u00e9s qu&rsquo;il laissait la combinaison de m\u00e9cano il enfilait celle de pilote de course et pas n&rsquo;importe laquelle, pour prendre le volant d&rsquo;un engin d&rsquo;environ 5 tonnes, un DAF engag\u00e9 dans la cat\u00e9gorie Camion Cross. A la pointe depuis plusieurs ann\u00e9es soit vice-champion soit Champion de France de la cat\u00e9gorie. F\u00e9lix laissera un grand vide dans la communaut\u00e9 du camion, notre ami, repose en paix !<\/p>\n\n\n\n<p>A sa femme, sa fille, \u00e0 ses fils, \u00e0 ses parents, proches et amis nous adressons nos tr\u00e8s sinc\u00e8res condol\u00e9ances.<\/p>\n\n\n\n<p>BLS-CG<\/p>\n","protected":false},"excerpt":{"rendered":"<p>F\u00e9lix Haristoy, nous a quitt\u00e9\u00a0;\u00a0\u00e2g\u00e9 de soixante ans il a lutt\u00e9 de toute ses forces contre la maladie, mais cette derni\u00e8re a eu h\u00e9las le dernier mot. Dans la vie de tous les jours, il \u00e9tait le chef d&rsquo;entreprise d&rsquo;un garage poids lourds bas\u00e9 dans les Landes \u00e0 Benesse Maremne. D\u00e9s qu&rsquo;il laissait la combinaison [&hellip;]<\/p>\n","protected":false},"author":5,"featured_media":2129,"comment_status":"closed","ping_status":"open","sticky":false,"template":"","format":"standard","meta":{"_monsterinsights_skip_tracking":false,"_monsterinsights_sitenote_active":false,"_monsterinsights_sitenote_note":"","_monsterinsights_sitenote_category":0,"footnotes":""},"categories":[140,17],"tags":[138,132],"class_list":["post-2127","post","type-post","status-publish","format-standard","has-post-thumbnail","hentry","category-actualites","category-camion-terre","tag-camion","tag-necrologie"],"_links":{"self":[{"href":"https:\/\/www.sportauto-occitaniepyrenees.fr\/index.php\/wp-json\/wp\/v2\/posts\/2127","targetHints":{"allow":["GET"]}}],"collection":[{"href":"https:\/\/www.sportauto-occitaniepyrenees.fr\/index.php\/wp-json\/wp\/v2\/posts"}],"about":[{"href":"https:\/\/www.sportauto-occitaniepyrenees.fr\/index.php\/wp-json\/wp\/v2\/types\/post"}],"author":[{"embeddable":true,"href":"https:\/\/www.sportauto-occitaniepyrenees.fr\/index.php\/wp-json\/wp\/v2\/users\/5"}],"replies":[{"embeddable":true,"href":"https:\/\/www.sportauto-occitaniepyrenees.fr\/index.php\/wp-json\/wp\/v2\/comments?post=2127"}],"version-history":[{"count":2,"href":"https:\/\/www.sportauto-occitaniepyrenees.fr\/index.php\/wp-json\/wp\/v2\/posts\/2127\/revisions"}],"predecessor-version":[{"id":2132,"href":"https:\/\/www.sportauto-occitaniepyrenees.fr\/index.php\/wp-json\/wp\/v2\/posts\/2127\/revisions\/2132"}],"wp:featuredmedia":[{"embeddable":true,"href":"https:\/\/www.sportauto-occitaniepyrenees.fr\/index.php\/wp-json\/wp\/v2\/media\/2129"}],"wp:attachment":[{"href":"https:\/\/www.sportauto-occitaniepyrenees.fr\/index.php\/wp-json\/wp\/v2\/media?parent=2127"}],"wp:term":[{"taxonomy":"category","embeddable":true,"href":"https:\/\/www.sportauto-occitaniepyrenees.fr\/index.php\/wp-json\/wp\/v2\/categories?post=2127"},{"taxonomy":"post_tag","embeddable":true,"href":"https:\/\/www.sportauto-occitaniepyrenees.fr\/index.php\/wp-json\/wp\/v2\/tags?post=2127"}],"curies":[{"name":"wp","href":"https:\/\/api.w.org\/{rel}","templated":true}]}}