{"id":2016,"date":"2021-06-24T19:46:44","date_gmt":"2021-06-24T17:46:44","guid":{"rendered":"https:\/\/www.sportauto-occitaniepyrenees.fr\/?p=2016"},"modified":"2021-06-24T19:46:45","modified_gmt":"2021-06-24T17:46:45","slug":"muret-du-11-au-13-juin-a-loccasion-du-iame-series","status":"publish","type":"post","link":"https:\/\/www.sportauto-occitaniepyrenees.fr\/index.php\/2021\/06\/24\/muret-du-11-au-13-juin-a-loccasion-du-iame-series\/","title":{"rendered":"MURET du 11 au 13 Juin \u00e0 l\u2019occasion du IAME SERIES"},"content":{"rendered":"\n<p>A l\u2019occasion du Round 1 de la IAME SERIES France, qui s\u2019est d\u00e9roul\u00e9 \u00e0 sur le <a href=\"https:\/\/www.karting-haute-garonne.com\" target=\"_blank\" rel=\"noreferrer noopener\">circuit Haute-Garonne Karting de Muret<\/a>, mi-juin, une visite, durant la journ\u00e9e du samedi, n\u2019est pas pass\u00e9e inaper\u00e7ue.<\/p>\n\n\n\n<p>En effet, Michel VERGNES, Pr\u00e9sident de la Ligue de Sport Automobile Occitanie-Pyr\u00e9n\u00e9es et membre du Comit\u00e9 Directeur de la FFSA, a profit\u00e9 de l\u2019organisation de cette s\u00e9rie nationale pour r\u00e9pondre favorablement \u00e0 l\u2019invitation de Jean VEYRIES, le pr\u00e9sident de la Ligue Karting Occitanie-Pyr\u00e9n\u00e9es. Michel Vergnes, qui n\u2019avait pas parcouru un paddock de karting depuis une bonne vingtaine d\u2019ann\u00e9e, en a profit\u00e9 pour observer, analyser, se documenter et apprendre sur tout le travail de fond des b\u00e9n\u00e9voles, sur les attentes des pilotes ou encore les contraintes des organisateurs. Ainsi, on a pu le voir au contr\u00f4le technique, \u00e9coutant les explications de Jean-Pierre BAUDRY, mais aussi dans le Parc Arriv\u00e9e ou encore tr\u00e8s attentif au d\u00e9roulement des manches Minime, qui l\u2019ont enthousiasm\u00e9. Bref, une vraie prise de contact avec le monde du karting qui est une discipline \u00e0 part enti\u00e8re mais aussi le vivier du sport automobile. C\u2019est aussi la preuve de l\u2019int\u00e9r\u00eat du comit\u00e9 automobile pour le karting et surtout que les comit\u00e9s auto et karting fonctionnent main dans la main dans l\u2019int\u00e9r\u00eat des pilotes.<\/p>\n\n\n\n<div style=\"height:18px\" aria-hidden=\"true\" class=\"wp-block-spacer\"><\/div>\n\n\n\n<figure class=\"wp-block-image size-large is-style-default\"><img loading=\"lazy\" decoding=\"async\" width=\"1024\" height=\"683\" src=\"https:\/\/www.sportauto-occitaniepyrenees.fr\/wp-content\/uploads\/2021\/06\/1G8A8495-1024x683.jpg\" alt=\"Michel Vergne - Baudry - Karting-Sud.com\" class=\"wp-image-2020\" srcset=\"https:\/\/www.sportauto-occitaniepyrenees.fr\/wp-content\/uploads\/2021\/06\/1G8A8495-1024x683.jpg 1024w, https:\/\/www.sportauto-occitaniepyrenees.fr\/wp-content\/uploads\/2021\/06\/1G8A8495-300x200.jpg 300w, https:\/\/www.sportauto-occitaniepyrenees.fr\/wp-content\/uploads\/2021\/06\/1G8A8495-768x512.jpg 768w, https:\/\/www.sportauto-occitaniepyrenees.fr\/wp-content\/uploads\/2021\/06\/1G8A8495-1536x1024.jpg 1536w, https:\/\/www.sportauto-occitaniepyrenees.fr\/wp-content\/uploads\/2021\/06\/1G8A8495-2048x1365.jpg 2048w, https:\/\/www.sportauto-occitaniepyrenees.fr\/wp-content\/uploads\/2021\/06\/1G8A8495-1320x880.jpg 1320w\" sizes=\"auto, (max-width: 1024px) 100vw, 1024px\" \/><\/figure>\n\n\n\n<p><strong><em>Texte IAME Series France &#8211;<\/em><\/strong> <strong><em>Photos St\u00e9phane Agnus &#8211; <a href=\"https:\/\/www.karting-sud.com\" target=\"_blank\" rel=\"noreferrer noopener\">https:\/\/www.karting-sud.com<\/a><\/em><\/strong><\/p>\n\n\n\n<p><\/p>\n","protected":false},"excerpt":{"rendered":"<p>A l\u2019occasion du Round 1 de la IAME SERIES France, qui s\u2019est d\u00e9roul\u00e9 \u00e0 sur le circuit Haute-Garonne Karting de Muret, mi-juin, une visite, durant la journ\u00e9e du samedi, n\u2019est pas pass\u00e9e inaper\u00e7ue. En effet, Michel VERGNES, Pr\u00e9sident de la Ligue de Sport Automobile Occitanie-Pyr\u00e9n\u00e9es et membre du Comit\u00e9 Directeur de la FFSA, a profit\u00e9 [&hellip;]<\/p>\n","protected":false},"author":5,"featured_media":2019,"comment_status":"closed","ping_status":"open","sticky":false,"template":"","format":"standard","meta":{"_monsterinsights_skip_tracking":false,"_monsterinsights_sitenote_active":false,"_monsterinsights_sitenote_note":"","_monsterinsights_sitenote_category":0,"footnotes":""},"categories":[155],"tags":[154],"class_list":["post-2016","post","type-post","status-publish","format-standard","has-post-thumbnail","hentry","category-karting","tag-karting"],"_links":{"self":[{"href":"https:\/\/www.sportauto-occitaniepyrenees.fr\/index.php\/wp-json\/wp\/v2\/posts\/2016","targetHints":{"allow":["GET"]}}],"collection":[{"href":"https:\/\/www.sportauto-occitaniepyrenees.fr\/index.php\/wp-json\/wp\/v2\/posts"}],"about":[{"href":"https:\/\/www.sportauto-occitaniepyrenees.fr\/index.php\/wp-json\/wp\/v2\/types\/post"}],"author":[{"embeddable":true,"href":"https:\/\/www.sportauto-occitaniepyrenees.fr\/index.php\/wp-json\/wp\/v2\/users\/5"}],"replies":[{"embeddable":true,"href":"https:\/\/www.sportauto-occitaniepyrenees.fr\/index.php\/wp-json\/wp\/v2\/comments?post=2016"}],"version-history":[{"count":4,"href":"https:\/\/www.sportauto-occitaniepyrenees.fr\/index.php\/wp-json\/wp\/v2\/posts\/2016\/revisions"}],"predecessor-version":[{"id":2025,"href":"https:\/\/www.sportauto-occitaniepyrenees.fr\/index.php\/wp-json\/wp\/v2\/posts\/2016\/revisions\/2025"}],"wp:featuredmedia":[{"embeddable":true,"href":"https:\/\/www.sportauto-occitaniepyrenees.fr\/index.php\/wp-json\/wp\/v2\/media\/2019"}],"wp:attachment":[{"href":"https:\/\/www.sportauto-occitaniepyrenees.fr\/index.php\/wp-json\/wp\/v2\/media?parent=2016"}],"wp:term":[{"taxonomy":"category","embeddable":true,"href":"https:\/\/www.sportauto-occitaniepyrenees.fr\/index.php\/wp-json\/wp\/v2\/categories?post=2016"},{"taxonomy":"post_tag","embeddable":true,"href":"https:\/\/www.sportauto-occitaniepyrenees.fr\/index.php\/wp-json\/wp\/v2\/tags?post=2016"}],"curies":[{"name":"wp","href":"https:\/\/api.w.org\/{rel}","templated":true}]}}