{"id":1252,"date":"2020-08-13T10:32:56","date_gmt":"2020-08-13T08:32:56","guid":{"rendered":"https:\/\/www.sportauto-occitaniepyrenees.fr\/?p=1252"},"modified":"2020-08-13T14:40:14","modified_gmt":"2020-08-13T12:40:14","slug":"mise-a-jour-des-classements-des-championnats-de-ligue-au-13-aout-2020","status":"publish","type":"post","link":"https:\/\/www.sportauto-occitaniepyrenees.fr\/index.php\/2020\/08\/13\/mise-a-jour-des-classements-des-championnats-de-ligue-au-13-aout-2020\/","title":{"rendered":"Mise \u00e0 jour des classements des championnats de Ligue au 13 ao\u00fbt 2020."},"content":{"rendered":"\n<p>Du TTE \u00e0 Albi, de l&rsquo;autocross \u00e0 Tournecoupe et du rallye avec le Rallye du Frontonnais, le mois d\u2019ao\u00fbt d\u00e9bute sous le signe des sports m\u00e9caniques ! <\/p>\n\n\n\n<div style=\"height:20px\" aria-hidden=\"true\" class=\"wp-block-spacer\"><\/div>\n\n\n\n<p>Suite \u00e0 ces \u00e9preuves, plusieurs classements  de championnats de Ligue ont \u00e9t\u00e9 mis \u00e0 jour. Si vous pensez qu&rsquo;une erreur a \u00e9t\u00e9 faite, vous avez <strong>jusqu&rsquo;au 22 ao\u00fbt 2020<\/strong> pour envoyer votre r\u00e9clamation.<\/p>\n\n\n\n<div style=\"height:20px\" aria-hidden=\"true\" class=\"wp-block-spacer\"><\/div>\n\n\n\n<p>Retrouvez les classements provisoires des championnats sur notre site dans la section <strong>\u00c9preuves <\/strong>et <strong>Classements<\/strong>.<\/p>\n\n\n<style>.wp-block-kadence-advancedbtn.kb-btns_a8da1d-0a{gap:var(--global-kb-gap-xs, 0.5rem );justify-content:center;align-items:center;}.kt-btns_a8da1d-0a .kt-button{font-weight:normal;font-style:normal;}.kt-btns_a8da1d-0a .kt-btn-wrap-0{margin-right:5px;}.wp-block-kadence-advancedbtn.kt-btns_a8da1d-0a .kt-btn-wrap-0 .kt-button{color:#555555;border-color:#555555;}.wp-block-kadence-advancedbtn.kt-btns_a8da1d-0a .kt-btn-wrap-0 .kt-button:hover, .wp-block-kadence-advancedbtn.kt-btns_a8da1d-0a .kt-btn-wrap-0 .kt-button:focus{color:#ffffff;border-color:#444444;}.wp-block-kadence-advancedbtn.kt-btns_a8da1d-0a .kt-btn-wrap-0 .kt-button::before{display:none;}.wp-block-kadence-advancedbtn.kt-btns_a8da1d-0a .kt-btn-wrap-0 .kt-button:hover, .wp-block-kadence-advancedbtn.kt-btns_a8da1d-0a .kt-btn-wrap-0 .kt-button:focus{background:#00a3c8;}<\/style>\n<div class=\"wp-block-kadence-advancedbtn kt-btn-align-center kt-btn-tablet-align-inherit kt-btn-mobile-align-inherit kt-btns-wrap kt-btns_a8da1d-0a\"><div class=\"kt-btn-wrap kt-btn-wrap-0\"><a class=\"kt-button button kt-btn-0-action kt-btn-size-standard kt-btn-style-basic kt-btn-svg-show-always kt-btn-has-text-true kt-btn-has-svg-false\" href=\"https:\/\/www.sportauto-occitaniepyrenees.fr\/index.php\/epreuves\/classements\/classements-2020\/\"><span class=\"kt-btn-inner-text\">Classements des Championnats de Ligue<\/span><\/a><\/div><\/div>\n","protected":false},"excerpt":{"rendered":"<p>Du TTE \u00e0 Albi, de l&rsquo;autocross \u00e0 Tournecoupe et du rallye avec le Rallye du Frontonnais, le mois d\u2019ao\u00fbt d\u00e9bute sous le signe des sports m\u00e9caniques ! Suite \u00e0 ces \u00e9preuves, plusieurs classements de championnats de Ligue ont \u00e9t\u00e9 mis \u00e0 jour. Si vous pensez qu&rsquo;une erreur a \u00e9t\u00e9 faite, vous avez jusqu&rsquo;au 22 ao\u00fbt [&hellip;]<\/p>\n","protected":false},"author":2,"featured_media":1193,"comment_status":"closed","ping_status":"open","sticky":false,"template":"","format":"standard","meta":{"_monsterinsights_skip_tracking":false,"_monsterinsights_sitenote_active":false,"_monsterinsights_sitenote_note":"","_monsterinsights_sitenote_category":0,"footnotes":""},"categories":[8,7,123,9],"tags":[133,126,131,122],"class_list":["post-1252","post","type-post","status-publish","format-standard","has-post-thumbnail","hentry","category-autocross","category-circuit","category-ligue-occitanie-pyrenees","category-rallye-moderne","tag-autocross","tag-circuit","tag-classements","tag-rallye"],"_links":{"self":[{"href":"https:\/\/www.sportauto-occitaniepyrenees.fr\/index.php\/wp-json\/wp\/v2\/posts\/1252","targetHints":{"allow":["GET"]}}],"collection":[{"href":"https:\/\/www.sportauto-occitaniepyrenees.fr\/index.php\/wp-json\/wp\/v2\/posts"}],"about":[{"href":"https:\/\/www.sportauto-occitaniepyrenees.fr\/index.php\/wp-json\/wp\/v2\/types\/post"}],"author":[{"embeddable":true,"href":"https:\/\/www.sportauto-occitaniepyrenees.fr\/index.php\/wp-json\/wp\/v2\/users\/2"}],"replies":[{"embeddable":true,"href":"https:\/\/www.sportauto-occitaniepyrenees.fr\/index.php\/wp-json\/wp\/v2\/comments?post=1252"}],"version-history":[{"count":3,"href":"https:\/\/www.sportauto-occitaniepyrenees.fr\/index.php\/wp-json\/wp\/v2\/posts\/1252\/revisions"}],"predecessor-version":[{"id":1255,"href":"https:\/\/www.sportauto-occitaniepyrenees.fr\/index.php\/wp-json\/wp\/v2\/posts\/1252\/revisions\/1255"}],"wp:featuredmedia":[{"embeddable":true,"href":"https:\/\/www.sportauto-occitaniepyrenees.fr\/index.php\/wp-json\/wp\/v2\/media\/1193"}],"wp:attachment":[{"href":"https:\/\/www.sportauto-occitaniepyrenees.fr\/index.php\/wp-json\/wp\/v2\/media?parent=1252"}],"wp:term":[{"taxonomy":"category","embeddable":true,"href":"https:\/\/www.sportauto-occitaniepyrenees.fr\/index.php\/wp-json\/wp\/v2\/categories?post=1252"},{"taxonomy":"post_tag","embeddable":true,"href":"https:\/\/www.sportauto-occitaniepyrenees.fr\/index.php\/wp-json\/wp\/v2\/tags?post=1252"}],"curies":[{"name":"wp","href":"https:\/\/api.w.org\/{rel}","templated":true}]}}